{"id":17119,"date":"2024-12-10T12:36:56","date_gmt":"2024-12-10T12:36:56","guid":{"rendered":"https:\/\/pksw.ch\/?p=17119"},"modified":"2024-12-10T15:13:44","modified_gmt":"2024-12-10T15:13:44","slug":"toerfs-es-bitzli-meh-oder-weniger-si","status":"publish","type":"post","link":"https:\/\/pksw.ch\/index.php\/2024\/12\/toerfs-es-bitzli-meh-oder-weniger-si\/","title":{"rendered":"D\u00f6rfs es bitzli meh (oder weniger) si?"},"content":{"rendered":"\n<p>Bereits liegt ein halbes Jahr zwischen der Volksabstimmung zur finanziellen Stabilisierung der Pensionskasse der Stadt Winterthur (PKSW) und dem heutigen Tag. Nach jahrlanger Unsicherheit \u00fcber die Zukunft der PKSW besteht nun endlich Gewissheit f\u00fcr eine eigest\u00e4ndige und sichere Zukunft. Ein Zustand, welchen wir auf der Gesch\u00e4ftsstelle herbeigesehnt und entsprechend auch gefeiert haben.<\/p>\n\n\n\n<p>Doch wie sagt der Volksmund: Wer rastet, der rostet.<\/p>\n\n\n\n<p>Zumal das Stadtparlament dem Weihnachtsmann bzw. nat\u00fcrlich dem Stiftungsrat der PKSW noch etwas auf den Wunschzettel geschrieben hat: Die Wahlsparpl\u00e4ne! Auch dieser Wunsch wurde einstimmig \u00fcber alle Parteigrenzen hinaus formuliert, in der Hoffnung, dereinst in Erf\u00fcllung zu gehen. Im Abstimmungstext stand wortw\u00f6rtlich:<\/p>\n\n\n\n<blockquote class=\"wp-block-stackable-blockquote stk-block-blockquote stk-block stk-62677b1 is-style-simple\" data-v=\"2\" data-block-id=\"62677b1\"><div class=\"has-text-align-left stk-block-blockquote__content stk-container stk-62677b1-container stk--no-background stk--no-padding\"><div class=\"stk-block-content stk-inner-blocks\">\n<div class=\"wp-block-stackable-icon stk-block-icon stk-block stk-b9d8228\" data-block-id=\"b9d8228\"><style>.stk-b9d8228 {top:-50px !important;left:-50px !important;position:absolute !important;opacity:0.2 !important;}.stk-b9d8228 .stk--svg-wrapper .stk--inner-svg svg:last-child{height:200px !important;width:200px !important;}<\/style><span class=\"stk--svg-wrapper\"><div class=\"stk--inner-svg\"><svg style=\"height:0;width:0\"><defs><linearGradient id=\"linear-gradient-b9d8228\" x1=\"0\" x2=\"100%\" y1=\"0\" y2=\"0\"><stop offset=\"0%\" style=\"stop-opacity:1;stop-color:var(--linear-gradient-b-9-d-8228-color-1)\"><\/stop><stop offset=\"100%\" style=\"stop-opacity:1;stop-color:var(--linear-gradient-b-9-d-8228-color-2)\"><\/stop><\/linearGradient><\/defs><\/svg><svg xmlns=\"http:\/\/www.w3.org\/2000\/svg\" viewBox=\"0 0 50 50\" aria-hidden=\"true\" width=\"32\" height=\"32\"><path d=\"M19.8 9.3C10.5 11.8 4.6 17 2.1 24.8c2.3-3.6 5.6-5.4 9.9-5.4 3.3 0 6 1.1 8.3 3.3 2.2 2.2 3.4 5 3.4 8.3 0 3.2-1.1 5.8-3.3 8-2.2 2.2-5.1 3.2-8.7 3.2-3.7 0-6.5-1.2-8.6-3.5C1 36.3 0 33.1 0 29 0 18.3 6.5 11.2 19.6 7.9l.2 1.4zm26.4 0C36.9 11.9 31 17 28.5 24.8c2.2-3.6 5.5-5.4 9.8-5.4 3.2 0 6 1.1 8.3 3.2 2.3 2.2 3.4 4.9 3.4 8.3 0 3.1-1.1 5.8-3.3 7.9-2.2 2.2-5.1 3.3-8.6 3.3-3.7 0-6.6-1.1-8.6-3.4-2.1-2.3-3.1-5.5-3.1-9.7 0-10.7 6.6-17.8 19.7-21.1l.1 1.4z\"><\/path><\/svg><\/div><\/span><\/div>\n\n\n\n<div class=\"wp-block-stackable-text stk-block-text stk-block stk-747b968\" data-block-id=\"747b968\"><p class=\"stk-block-text__text\"><em>Der Stiftungsrat wird beauftragt, nach Annahme der Vorlage Wahlsparpl\u00e4ne auszuarbeiten und einzuf\u00fchren, die den Versicherten erlauben, zwischen verschiedenen Sparpl\u00e4nen mit unterschiedlichen Sparbeitr\u00e4gen zu w\u00e4hlen. <\/em><\/p><\/div>\n<\/div><\/div><\/blockquote>\n\n\n\n<blockquote class=\"wp-block-quote is-layout-flow wp-block-quote-is-layout-flow\">\n<p><\/p>\n<\/blockquote>\n\n\n\n<p>Doch worum geht es hier eigentlich? Bereits seit dem Jahr 2006 ist es Pensionskassen erlaubt, ihren aktiven Versicherten Sparpl\u00e4ne zur freien Wahl anzubieten. Die Idee war, jeder\/jedem Einzelnen die M\u00f6glichkeit zu geben, einen h\u00f6heren (oder auch tieferen) Sparbeitrag in die Pensionskasse einzubezahlen. Wobei der Anteil der Arbeitgeberin in jedem Sparplan gleich hoch sein muss.<\/p>\n\n\n\n<p>Und wie soll das genau funktionieren mit diesen Wahlsparpl\u00e4nen? Ganz einfach: Die versicherte Person soll jedes Jahr selber entscheiden k\u00f6nnen, ob der eigene Sparbeitrag erh\u00f6ht bzw. gesenkt werden oder gleich bleiben soll. Dazu gibt es klare Regeln. Beispielsweise darf der tiefste gesamte Sparbeitrag nicht kleiner als 2\/3 des h\u00f6chsten Sparbeitrages sein und die Pensionskasse darf nicht mehr als drei verschiedene Sparpl\u00e4ne zu Wahl anbieten.<\/p>\n\n\n\n<p>Bereits heute gibt es etliche Pensionskassen, welche Ihren Versicherten solche Wahlsparpl\u00e4ne anbieten, nachstehend zwei Beispiele.<\/p>\n\n\n\n<p>Die BVK, die Pensionskasse, bei welcher die kantonalen Angestellten des Kantons Z\u00fcrich angeschlossen sind, bietet ihren Versicherten beispielsweise eine Variante \u00abStandard\u00bb an, welche zur Anwendung gelangt, wenn man keine eigene Auswahl trifft. Als Optionen stehen dann ein Wahlsparplan \u00abBasis\u00bb zur Verf\u00fcgung, bei welchem man 2% des versicherten Lohnes weniger und ein Wahlsparplan \u00abTop\u00bb, bei welchem man 2% mehr einbezahlt. Die Auswahl erfolgt bei der BVK \u00fcber ein pers\u00f6nliches Login namens \u00abmyBVK\u00bb.<\/p>\n\n\n\n<p>Bei der Pensionskasse des Kantons Uri (PK Uri) wiederum ist der \u00abBasisplan\u00bb, der Plan mit den tiefsten eigenen Sparbeitr\u00e4gen. Als Auswahl stehen den Versicherten ein Sparplan, bei welchem man 1% \u00abPlus1\u00bb sowie ein weiterer Sparplan, bei welchem man 2% \u00abPlus2\u00bb des versicherten Lohnes mehr einbezahlt als im \u00abBasisplan\u00bb. Einmal pro Jahr bis zum 30. November k\u00f6nnen die Versicherten frisch entscheiden <a href=\"https:\/\/cdn.prod.website-files.com\/60925c789e5688c0ef924feb\/66e001bb1c47cbb39a6a2498_Antrag-Wechsel%20Vorsorgeplan.pdf\">Wechsel Vorsorgeplan PK Uri<\/a>, in welchem Sparplan sie im folgenden Jahr versichert sein m\u00f6chten.<\/p>\n\n\n\n<p>Bei beiden Pensionskassen bezahlt die Arbeitgeberin, also bei der BVK der Kanton Z\u00fcrich und bei der PK Uri der Kanton Uri, bei allen zur Auswahl stehenden Sparpl\u00e4nen \u2013 in Abh\u00e4ngigkeit des Alters der versicherten Person \u2013 den gleichen Sparbeitrag.<\/p>\n\n\n\n<p>Auch wir werden Sie, sofern der politische Wunsch nach Wahlsparpl\u00e4nen auch bei der PKSW in Erf\u00fcllung gehen sollte, dereinst fragen: \u00abT\u00f6rf es bitzli meh (oder weniger) si?\u00bb<\/p>\n\n\n\n<p>Stephan Keller<br>Vorsitzender der Gesch\u00e4ftsleitung<\/p>\n\n\n\n<div class=\"wp-block-stackable-divider stk-block-divider stk-block stk-6e1fcde\" data-block-id=\"6e1fcde\"><hr class=\"stk-block-divider__hr\"\/><\/div>\n\n\n\n<div class=\"wp-block-media-text is-stacked-on-mobile\" style=\"grid-template-columns:47% auto\"><figure class=\"wp-block-media-text__media\"><img loading=\"lazy\" decoding=\"async\" width=\"1024\" height=\"683\" src=\"https:\/\/pksw.ch\/wp-content\/uploads\/2024\/07\/PKSW_Stephan_Keller_2-1024x683.jpg\" alt=\"\" class=\"wp-image-16938 size-full\" srcset=\"https:\/\/pksw.ch\/wp-content\/uploads\/2024\/07\/PKSW_Stephan_Keller_2-1024x683.jpg 1024w, https:\/\/pksw.ch\/wp-content\/uploads\/2024\/07\/PKSW_Stephan_Keller_2-300x200.jpg 300w, https:\/\/pksw.ch\/wp-content\/uploads\/2024\/07\/PKSW_Stephan_Keller_2-768x512.jpg 768w, https:\/\/pksw.ch\/wp-content\/uploads\/2024\/07\/PKSW_Stephan_Keller_2-1536x1024.jpg 1536w, https:\/\/pksw.ch\/wp-content\/uploads\/2024\/07\/PKSW_Stephan_Keller_2-2048x1366.jpg 2048w, https:\/\/pksw.ch\/wp-content\/uploads\/2024\/07\/PKSW_Stephan_Keller_2-1320x880.jpg 1320w\" sizes=\"auto, (max-width: 1024px) 100vw, 1024px\" \/><\/figure><div class=\"wp-block-media-text__content\">\n<p><strong><span style=\"color: #000000;\" class=\"stk-highlight\">Stephan Keller<\/span>\u00a0<\/strong>leitet die Pensionskasse der Stadt Winterthur seit August 2020.<\/p>\n\n\n\n<p>Der 58-j\u00e4hrige bringt \u00fcber 30 Jahre Erfahrung in der beruflichen Vorsorge mit, ist Betriebs\u00f6konom FH und hat einen Masterabschluss in Customer Relationship Management der ZHAW. Keller bezeichnet sich als kompetenten, kommunikativen und kreativen Br\u00fcckenbauer innerhalb der 2. S\u00e4ule.<\/p>\n<\/div><\/div>\n","protected":false},"excerpt":{"rendered":"<p>Bereits liegt ein halbes Jahr zwischen der Volksabstimmung zur finanziellen Stabilisierung der Pensionskasse der Stadt Winterthur (PKSW) und dem heutigen Tag. Nach [&hellip;]<\/p>\n","protected":false},"author":3,"featured_media":0,"comment_status":"open","ping_status":"open","sticky":false,"template":"","format":"standard","meta":{"_acf_changed":false,"footnotes":""},"categories":[1],"tags":[],"class_list":["post-17119","post","type-post","status-publish","format-standard","hentry","category-uncategorized"],"acf":[],"featured_image_urls_v2":{"full":"","thumbnail":"","medium":"","medium_large":"","large":"","1536x1536":"","2048x2048":"","small-thumbnail":"","square-thumbnail":"","banner-image":"","mailpoet_newsletter_max":""},"post_excerpt_stackable_v2":"<p>Bereits liegt ein halbes Jahr zwischen der Volksabstimmung zur finanziellen Stabilisierung der Pensionskasse der Stadt Winterthur (PKSW) und dem heutigen Tag. Nach jahrlanger Unsicherheit \u00fcber die Zukunft der PKSW besteht nun endlich Gewissheit f\u00fcr eine eigest\u00e4ndige und sichere Zukunft. Ein Zustand, welchen wir auf der Gesch\u00e4ftsstelle herbeigesehnt und entsprechend auch gefeiert haben. Doch wie sagt der Volksmund: Wer rastet, der rostet. Zumal das Stadtparlament dem Weihnachtsmann bzw. nat\u00fcrlich dem Stiftungsrat der PKSW noch etwas auf den Wunschzettel geschrieben hat: Die Wahlsparpl\u00e4ne! Auch dieser Wunsch wurde einstimmig \u00fcber alle Parteigrenzen hinaus formuliert, in der Hoffnung, dereinst in Erf\u00fcllung zu gehen. Im&hellip;<\/p>\n","category_list_v2":"<a href=\"https:\/\/pksw.ch\/index.php\/category\/uncategorized\/\" rel=\"category tag\">Uncategorized<\/a>","author_info_v2":{"name":"Seraina Bossi","url":"https:\/\/pksw.ch\/index.php\/author\/pksw\/"},"comments_num_v2":"0 comments","_links":{"self":[{"href":"https:\/\/pksw.ch\/index.php\/wp-json\/wp\/v2\/posts\/17119","targetHints":{"allow":["GET"]}}],"collection":[{"href":"https:\/\/pksw.ch\/index.php\/wp-json\/wp\/v2\/posts"}],"about":[{"href":"https:\/\/pksw.ch\/index.php\/wp-json\/wp\/v2\/types\/post"}],"author":[{"embeddable":true,"href":"https:\/\/pksw.ch\/index.php\/wp-json\/wp\/v2\/users\/3"}],"replies":[{"embeddable":true,"href":"https:\/\/pksw.ch\/index.php\/wp-json\/wp\/v2\/comments?post=17119"}],"version-history":[{"count":11,"href":"https:\/\/pksw.ch\/index.php\/wp-json\/wp\/v2\/posts\/17119\/revisions"}],"predecessor-version":[{"id":17132,"href":"https:\/\/pksw.ch\/index.php\/wp-json\/wp\/v2\/posts\/17119\/revisions\/17132"}],"wp:attachment":[{"href":"https:\/\/pksw.ch\/index.php\/wp-json\/wp\/v2\/media?parent=17119"}],"wp:term":[{"taxonomy":"category","embeddable":true,"href":"https:\/\/pksw.ch\/index.php\/wp-json\/wp\/v2\/categories?post=17119"},{"taxonomy":"post_tag","embeddable":true,"href":"https:\/\/pksw.ch\/index.php\/wp-json\/wp\/v2\/tags?post=17119"}],"curies":[{"name":"wp","href":"https:\/\/api.w.org\/{rel}","templated":true}]}}