{"id":17239,"date":"2025-04-10T14:18:23","date_gmt":"2025-04-10T14:18:23","guid":{"rendered":"https:\/\/pksw.ch\/?p=17239"},"modified":"2025-04-10T14:24:07","modified_gmt":"2025-04-10T14:24:07","slug":"situation-an-den-boersen-und-ihre-auswirkung-auf-die-pksw","status":"publish","type":"post","link":"https:\/\/pksw.ch\/index.php\/2025\/04\/situation-an-den-boersen-und-ihre-auswirkung-auf-die-pksw\/","title":{"rendered":"Situation an den B\u00f6rsen und ihre Auswirkung auf die PKSW"},"content":{"rendered":"\n<p class=\"has-black-color has-text-color has-link-color wp-elements-f78da927b08072f145bdf2257a8094c8\"><strong><span style=\"color: #000000;\" class=\"stk-highlight\">Interview mit Mariusz Platek, Leiter Verm\u00f6gensanlagen der PKSW<\/span><\/strong><\/p>\n\n\n\n<div class=\"wp-block-stackable-divider stk-block-divider stk-block stk-39012b9\" data-block-id=\"39012b9\"><hr class=\"stk-block-divider__hr\"\/><\/div>\n\n\n\n<p>Nach dem sehr positiven Anlagejahr 2024, sind die Zeiten an den Finanzm\u00e4rkten im Jahr 2025 deutlich rauer geworden. Die von der US-Regierung unter Pr\u00e4sident Donald Trump zuerst angek\u00fcndigten, dann eingef\u00fchrten und dann doch wieder aufgeschobenen Importz\u00f6lle f\u00fcr die meisten L\u00e4nder der Welt haben die Aktienm\u00e4rkte weltweit durcheinandergewirbelt.<\/p>\n\n\n\n<p>Wir fragen bei Mariusz Platek, Leiter Verm\u00f6gensanlagen und stellvertretender Vorsitzender der Gesch\u00e4ftsleitung nach, was dies f\u00fcr die PKSW bedeutet.<\/p>\n\n\n\n<p><strong>Gesch\u00e4tzter Herr Platek, k\u00f6nnen Sie uns erkl\u00e4ren, wie genau die PKSW das Geld ihrer Versicherten anlegt?<\/strong><\/p>\n\n\n\n<p>Die PKSW legt ihr Verm\u00f6gen in verschiedene Anlagekategorien wie Obligationen, Aktien, Immobilien und Gold an. Innerhalb jeder Anlagekategorie werden zudem viele verschiedene L\u00e4nder und Firmen ber\u00fccksichtigt. Man nennt dies Diversifikation.<\/p>\n\n\n\n<p><strong>K\u00f6nnen Sie uns sagen, was passiert, wenn die PKSW auf diesen Verm\u00f6gensanlagen Verluste erleidet?<\/strong><\/p>\n\n\n\n<p>Die erw\u00e4hnte Diversifikation hilft, die Verluste m\u00f6glichst klein zu halten, da sich nicht alle Anlagekategorien in die gleiche Richtung bewegen. So zum Beispiel bieten Obligationenanlagen der Schweizerischen Eidgenossenschaft oder Gold Schutz gegen R\u00fcckschl\u00e4ge an den Aktienm\u00e4rkten\u2026<\/p>\n\n\n\n<p><strong>\u2026und wenn die Verluste auf den Aktien gr\u00f6sser ausfallen, als die Gewinne auf anderen Anlageklassen?<\/strong><\/p>\n\n\n\n<p>Auch solche Schwankungen der Finanzm\u00e4rkte kann die PKSW abfedern, weil sie \u00fcber zus\u00e4tzliche Reserven verf\u00fcgt. Dies nicht zuletzt auch dank der im letzten Jahr vom Winterthurer Stimmvolk genehmigten finanziellen Stabilisierung. Dank dem finanziellen Polster k\u00f6nnen wir bei solchen R\u00fcckschl\u00e4gen zuwarten bis sich die Kurse wieder erholen.<\/p>\n\n\n\n<p><strong>Das heisst Sie warten nun einfach ab, bis sich die Aktienkurse wieder erholen?<\/strong><\/p>\n\n\n\n<p>Ganz im Gegenteil, wir vom Verm\u00f6gensanlage-Team der PKSW verfolgen die Entwicklungen an den B\u00f6rsen jeden Tag ganz genau und gleichen Verluste oder Gewinne mit Verk\u00e4ufen oder Zuk\u00e4ufen wieder aus, sobald gewisse von unserer Anlagekommission definierten Schwellenwerte \u00fcber- bzw. unterschritten werden. Ganz nach dem bekannten Anlageprinzip \u00abSell High, Buy Low\u00bb. So k\u00f6nnen wir sicherstellen, dass die Altersguthaben der Versicherten und die Kapitalien f\u00fcr die laufenden Renten jederzeit gem\u00e4ss unserer langfristigen Anlagestrategie angelegt sind.<\/p>\n\n\n\n<p><strong>Eine Frage die vielen auf der Zunge brennt: Welche Auswirkungen h\u00e4tten die amerikanischen Z\u00f6lle auf die Schweiz und somit auch f\u00fcr die Schweizer Bev\u00f6lkerung?<\/strong><\/p>\n\n\n\n<p>Laut einer Analyse der Konjunkturforschungsstelle KOF der ETH Z\u00fcrich k\u00f6nnten die US-Z\u00f6lle das reale Bruttoinlandprodukt der Schweiz um mehr als 0,2 % reduzieren. Was bedeutet das f\u00fcr Sie? Dies w\u00fcrde einem Wohlstandsverlust von mehr als 200 Franken pro Person und Jahr entsprechen. Besonders betroffen w\u00e4ren die Pharmaindustrie sowie die Hersteller von Maschinen, Ger\u00e4ten, Pr\u00e4zisionsinstrumenten, Uhren und Lebensmitteln, da diese Branchen stark vom Export in die USA abh\u00e4ngig sind.<\/p>\n\n\n\n<p><strong>Und wie geht es nun aus Ihrer Sicht auf der grossen Weltb\u00fchne weiter und was heisst das f\u00fcr die PKSW?<\/strong><\/p>\n\n\n\n<p>Unsere Bundespr\u00e4sidentin Karin Keller-Sutter hat bekanntlich am 9. April mit Pr\u00e4sident Trump telefoniert, um die Handelsbeziehung zwischen der Schweiz und den USA zu besprechen. Zwischenzeitlich wurden die Z\u00f6lle f\u00fcr 90 Tage ausgesetzt und die B\u00f6rsen jubeln bereits wieder. Ob das Telefonat von Karin Keller-Sutter dazu beigetragen hat, wissen wir nicht. Und ob die Z\u00f6lle in 3 Monaten dann doch noch eingef\u00fchrt werden, wissen wir auch nicht.<\/p>\n\n\n\n<p>Nicht nur wir von der PKSW sondern wohl die ganze Welt hofft auf eine baldige und nachhaltige Beilegung des weltweiten Handelsstreits. Wir vom Verm\u00f6gensanlage-Team der PKSW bleiben auf jeden Fall wachsam und setzen alles daran, das Beste aus der aktuellen Situation und den kommenden Entwicklungen zu machen.<\/p>\n\n\n\n<p><strong>Besten Dank, Herr Platek, f\u00fcr die interessanten Ausf\u00fchrungen und viel Erfolg beim Meistern der aktuellen Herausforderungen<\/strong>.<\/p>\n\n\n\n<div class=\"wp-block-stackable-divider stk-block-divider stk-block stk-0029fd1\" data-block-id=\"0029fd1\"><hr class=\"stk-block-divider__hr\"\/><\/div>\n\n\n\n<div class=\"wp-block-media-text is-stacked-on-mobile\" style=\"grid-template-columns:47% auto\"><figure class=\"wp-block-media-text__media\"><img loading=\"lazy\" decoding=\"async\" width=\"717\" height=\"478\" src=\"https:\/\/pksw.ch\/wp-content\/uploads\/2025\/04\/foto_mp-1.jpg\" alt=\"\" class=\"wp-image-17314 size-full\" srcset=\"https:\/\/pksw.ch\/wp-content\/uploads\/2025\/04\/foto_mp-1.jpg 717w, https:\/\/pksw.ch\/wp-content\/uploads\/2025\/04\/foto_mp-1-300x200.jpg 300w\" sizes=\"auto, (max-width: 717px) 100vw, 717px\" \/><\/figure><div class=\"wp-block-media-text__content\">\n<p class=\"has-black-color has-text-color has-link-color wp-elements-27561de705e89f1c9946ff2563e855b1\"><strong><span style=\"color: #000000;\" class=\"stk-highlight\">Dr. Mariusz Platek <\/span><\/strong>leitet seit M\u00e4rz 2015 das Verm\u00f6gensanlage-Team der PKSW.<\/p>\n\n\n\n<p>Der 53-j\u00e4hrige ist seit 30 Jahren in der Verm\u00f6gensverwaltung von institutionellen Anlegern t\u00e4tig. Er tr\u00e4gt einen Doktortitel in Wirtschafts-<br>wissenschaften der HSG St. Gallen und zeichnet sich nicht nur durch sein enormes Fachwissen sondern auch durch seine exakte und menschliche Art aus.<\/p>\n<\/div><\/div>\n\n\n\n<p><\/p>\n","protected":false},"excerpt":{"rendered":"<p>Interview mit Mariusz Platek, Leiter Verm\u00f6gensanlagen der PKSW Nach dem sehr positiven Anlagejahr 2024, sind die Zeiten an den Finanzm\u00e4rkten im Jahr [&hellip;]<\/p>\n","protected":false},"author":3,"featured_media":0,"comment_status":"open","ping_status":"open","sticky":false,"template":"","format":"standard","meta":{"_acf_changed":false,"footnotes":""},"categories":[1],"tags":[],"class_list":["post-17239","post","type-post","status-publish","format-standard","hentry","category-uncategorized"],"acf":[],"featured_image_urls_v2":{"full":"","thumbnail":"","medium":"","medium_large":"","large":"","1536x1536":"","2048x2048":"","small-thumbnail":"","square-thumbnail":"","banner-image":"","mailpoet_newsletter_max":""},"post_excerpt_stackable_v2":"<p>Interview mit Mariusz Platek, Leiter Verm\u00f6gensanlagen der PKSW Nach dem sehr positiven Anlagejahr 2024, sind die Zeiten an den Finanzm\u00e4rkten im Jahr 2025 deutlich rauer geworden. Die von der US-Regierung unter Pr\u00e4sident Donald Trump zuerst angek\u00fcndigten, dann eingef\u00fchrten und dann doch wieder aufgeschobenen Importz\u00f6lle f\u00fcr die meisten L\u00e4nder der Welt haben die Aktienm\u00e4rkte weltweit durcheinandergewirbelt. Wir fragen bei Mariusz Platek, Leiter Verm\u00f6gensanlagen und stellvertretender Vorsitzender der Gesch\u00e4ftsleitung nach, was dies f\u00fcr die PKSW bedeutet. Gesch\u00e4tzter Herr Platek, k\u00f6nnen Sie uns erkl\u00e4ren, wie genau die PKSW das Geld ihrer Versicherten anlegt? Die PKSW legt ihr Verm\u00f6gen in verschiedene Anlagekategorien wie Obligationen,&hellip;<\/p>\n","category_list_v2":"<a href=\"https:\/\/pksw.ch\/index.php\/category\/uncategorized\/\" rel=\"category tag\">Uncategorized<\/a>","author_info_v2":{"name":"Seraina Bossi","url":"https:\/\/pksw.ch\/index.php\/author\/pksw\/"},"comments_num_v2":"0 comments","_links":{"self":[{"href":"https:\/\/pksw.ch\/index.php\/wp-json\/wp\/v2\/posts\/17239","targetHints":{"allow":["GET"]}}],"collection":[{"href":"https:\/\/pksw.ch\/index.php\/wp-json\/wp\/v2\/posts"}],"about":[{"href":"https:\/\/pksw.ch\/index.php\/wp-json\/wp\/v2\/types\/post"}],"author":[{"embeddable":true,"href":"https:\/\/pksw.ch\/index.php\/wp-json\/wp\/v2\/users\/3"}],"replies":[{"embeddable":true,"href":"https:\/\/pksw.ch\/index.php\/wp-json\/wp\/v2\/comments?post=17239"}],"version-history":[{"count":16,"href":"https:\/\/pksw.ch\/index.php\/wp-json\/wp\/v2\/posts\/17239\/revisions"}],"predecessor-version":[{"id":17322,"href":"https:\/\/pksw.ch\/index.php\/wp-json\/wp\/v2\/posts\/17239\/revisions\/17322"}],"wp:attachment":[{"href":"https:\/\/pksw.ch\/index.php\/wp-json\/wp\/v2\/media?parent=17239"}],"wp:term":[{"taxonomy":"category","embeddable":true,"href":"https:\/\/pksw.ch\/index.php\/wp-json\/wp\/v2\/categories?post=17239"},{"taxonomy":"post_tag","embeddable":true,"href":"https:\/\/pksw.ch\/index.php\/wp-json\/wp\/v2\/tags?post=17239"}],"curies":[{"name":"wp","href":"https:\/\/api.w.org\/{rel}","templated":true}]}}