{"id":2737,"date":"2023-01-25T08:40:55","date_gmt":"2023-01-25T08:40:55","guid":{"rendered":"https:\/\/pksw.ch\/?p=2737"},"modified":"2023-08-11T07:33:57","modified_gmt":"2023-08-11T07:33:57","slug":"sozialpartnerschaft-das-schweizer-erfolgsmodell","status":"publish","type":"post","link":"https:\/\/pksw.ch\/index.php\/2023\/01\/sozialpartnerschaft-das-schweizer-erfolgsmodell\/","title":{"rendered":"Sozialpartnerschaft, das Schweizer Erfolgsmodell"},"content":{"rendered":"\n<p>Immer wieder h\u00f6re ich den Satz: \u00abDie da oben machen eh, was sie wollen!\u00bb Ganz egal, ob damit der Bundes-, der Regierungs- oder bei einer Pensionskasse der Stiftungsrat gemeint ist. Was mich dabei erstaunt ist, dass wir in der Schweiz als beinahe einziges Land auf der Welt, die direkte Demokratie kennen und leben. In Tat und Wahrheit kann bei uns jede und jeder \u00abeiner von da oben\u00bb sein, in dem man sich n\u00e4mlich selber zur Wahl stellt.<\/p>\n\n\n\n<p>Ganz besonders trifft dies f\u00fcr Pensionskassen zu. Vorausschauend haben die Gr\u00fcnderv\u00e4ter (leider waren es in den 70er-Jahren im letzten Jahrhundert noch kaum Gr\u00fcnderm\u00fctter) die Sozialpartnerschaft als Basis f\u00fcr die F\u00fchrung einer Pensionskasse gew\u00e4hlt. Dies bedeutet, dass ein Pensionskassengremium, in unserem Fall der Stiftungsrat, parit\u00e4tisch zusammengesetzt sein muss; also gleich viele Vertreterinnen oder Vertreter der Arbeitgeberinnen (AG) und der Arbeitnehmenden (AN). Da es auch in einem Stiftungsrat eine Pr\u00e4sidentin oder Pr\u00e4sidenten braucht, wurde im Gesetz festgehalten, dass das Pr\u00e4sidium zwischen den AG und den AN abwechseln muss. Unser Stiftungsrat setzt sich aktuell wie folgt zusammen: <a href=\"https:\/\/pksw.ch\/index.php\/stiftungsrat\/\">Stiftungsrat \u2013 PKSW<\/a>.<\/p>\n\n\n\n<p>Vielleicht ist die heterogene Welt mit tausenden von Pensionskassen in der Schweiz nicht das effizienteste aller Systeme. Wenn man genauer hinschaut, aber sehr wahrscheinlich das fairste. Wieso? Jede Firma und jede \u00f6ffentliche Institution kann f\u00fcr sich einen eigenen, massgeschneiderten Weg einschlagen. Dies steigert die Identifizierung mit eben dieser eigenen L\u00f6sung.<\/p>\n\n\n\n<p>Die Sozialpartnerschaft hilft, diese Identifizierung mit der eigenen Pensionskasse zus\u00e4tzlich zu st\u00e4rken, denn auch die Arbeitnehmenden sind in die Entscheidungen miteingebunden. Auch wenn in den letzten Jahren die F\u00fchrung einer Pensionskasse immer anspruchsvoller geworden ist, sehe ich auch in Zukunft grosse Vorteile mit der sozialpartnerschaftlichen F\u00fchrung.<\/p>\n\n\n\n<blockquote class=\"wp-block-quote is-layout-flow wp-block-quote-is-layout-flow\">\n<p><\/p>\n<\/blockquote>\n\n\n\n<blockquote class=\"wp-block-stackable-blockquote stk-block-blockquote stk-block stk-cc43d99 is-style-default\" data-v=\"2\" data-block-id=\"cc43d99\"><div class=\"has-text-align-left stk-block-blockquote__content stk-container stk-cc43d99-container stk-hover-parent\"><div class=\"stk-block-content stk-inner-blocks\">\n<div class=\"wp-block-stackable-icon stk-block-icon stk-block stk-68e9edf\" data-block-id=\"68e9edf\"><span class=\"stk--svg-wrapper\"><div class=\"stk--inner-svg\"><svg style=\"height:0;width:0\"><defs><linearGradient id=\"linear-gradient-68e9edf\" x1=\"0\" x2=\"100%\" y1=\"0\" y2=\"0\"><stop offset=\"0%\" style=\"stop-opacity:1;stop-color:var(--linear-gradient-68-e-9-edf-color-1)\"><\/stop><stop offset=\"100%\" style=\"stop-opacity:1;stop-color:var(--linear-gradient-68-e-9-edf-color-2)\"><\/stop><\/linearGradient><\/defs><\/svg><svg xmlns=\"http:\/\/www.w3.org\/2000\/svg\" viewBox=\"0 0 50 50\" aria-hidden=\"true\" width=\"32\" height=\"32\"><path d=\"M19.8 9.3C10.5 11.8 4.6 17 2.1 24.8c2.3-3.6 5.6-5.4 9.9-5.4 3.3 0 6 1.1 8.3 3.3 2.2 2.2 3.4 5 3.4 8.3 0 3.2-1.1 5.8-3.3 8-2.2 2.2-5.1 3.2-8.7 3.2-3.7 0-6.5-1.2-8.6-3.5C1 36.3 0 33.1 0 29 0 18.3 6.5 11.2 19.6 7.9l.2 1.4zm26.4 0C36.9 11.9 31 17 28.5 24.8c2.2-3.6 5.5-5.4 9.8-5.4 3.2 0 6 1.1 8.3 3.2 2.3 2.2 3.4 4.9 3.4 8.3 0 3.1-1.1 5.8-3.3 7.9-2.2 2.2-5.1 3.3-8.6 3.3-3.7 0-6.6-1.1-8.6-3.4-2.1-2.3-3.1-5.5-3.1-9.7 0-10.7 6.6-17.8 19.7-21.1l.1 1.4z\"><\/path><\/svg><\/div><\/span><\/div>\n\n\n\n<div class=\"wp-block-stackable-text stk-block-text stk-block stk-b319e94\" data-block-id=\"b319e94\"><p class=\"stk-block-text__text\">Die Sozialpartnerschaft in der Schweiz ist ein wahres Erfolgsmodell. <\/p><\/div>\n<\/div><\/div><\/blockquote>\n\n\n\n<p>Aus liberalen Kreisen kommt immer wieder der Ruf nach \u00abfreier Pensionskassenwahl\u00bb. Dies klingt auf den ersten Blick verheissungsvoll, bei n\u00e4herem Hinschauen \u00fcberwiegen jedoch schnell die Nachteile. Erstens m\u00fcsste die Sozialpartnerschaft einer \u00abprofessionellen\u00bb F\u00fchrung \u2013 welche weit weg ist von den betroffenen Versicherten \u2013 weichen und zweitens w\u00fcrde die Identifizierung der Arbeitgeber*innen mit der Pensionskassenl\u00f6sung wegfallen, da ja jede und jeder Arbeitnehmende eine andere Pensionskasse ausw\u00e4hlen k\u00f6nnte. Es ist deshalb naheliegend, dass die heutigen, attraktiven Pensionskassenl\u00f6sungen tendenziell verschwinden werden und vermehrt \u00abobligatorische\u00bb L\u00f6sungen angeboten w\u00fcrden.<\/p>\n\n\n\n<p>Dagegen steht der Ruf nach einer \u00abSt\u00e4rkung der 1. S\u00e4ule\u00bb, also der AHV zu Lasten der 2. S\u00e4ule, als den Pensionskassen. Auch hier gibt es einige verlockende Argumente. Wenn man allerdings die L\u00e4nder anschaut, wo es \u00abnur\u00bb eine staatliche Vorsorge gibt, stellt man fest, dass solche L\u00f6sungen die Angst bei Menschen sch\u00fcren, ein Leben lang zu bezahlen, aber im Alter dann selber nichts mehr zu bekommen. Aus all diesen Gr\u00fcnden ist f\u00fcr mich die sozialpartnerschaftlich gef\u00fchrte 2. S\u00e4ule nicht nur ein guter Kompromiss, sondern ein wahres Erfolgsmodell.<\/p>\n\n\n\n<p>Ihr Stephan Keller<\/p>\n\n\n\n<p>Kontaktieren Sie uns unter +41 52 208 92 20 oder per E-mail unter pensionskasse@pksw.ch   <br><\/p>\n\n\n\n<div class=\"wp-block-stackable-divider stk-block-divider stk-block stk-653750d\" data-block-id=\"653750d\"><hr class=\"stk-block-divider__hr\"\/><\/div>\n\n\n\n<div class=\"wp-block-media-text alignwide is-stacked-on-mobile\" style=\"grid-template-columns:27% auto\"><figure class=\"wp-block-media-text__media\"><img loading=\"lazy\" decoding=\"async\" width=\"1000\" height=\"667\" src=\"https:\/\/pksw.ch\/wp-content\/uploads\/2021\/07\/Stephan-Keller_skaliert.jpg\" alt=\"\" class=\"wp-image-1618 size-full\" srcset=\"https:\/\/pksw.ch\/wp-content\/uploads\/2021\/07\/Stephan-Keller_skaliert.jpg 1000w, https:\/\/pksw.ch\/wp-content\/uploads\/2021\/07\/Stephan-Keller_skaliert-300x200.jpg 300w, https:\/\/pksw.ch\/wp-content\/uploads\/2021\/07\/Stephan-Keller_skaliert-768x512.jpg 768w\" sizes=\"auto, (max-width: 1000px) 100vw, 1000px\" \/><\/figure><div class=\"wp-block-media-text__content\">\n<p>\u00dcber den Autor<\/p>\n\n\n\n<p>Stephan Keller leitet die Pensionskasse der Stadt Winterthur seit August 2020.<br>Der 57-j\u00e4hrige bringt \u00fcber 30 Jahre Erfahrung in der beruflichen Vorsorge mit, ist Betriebs\u00f6konom FH und hat einen Masterabschluss in Customer Relationship Management der ZHAW. Keller bezeichnet sich als kompetenten, kommunikativen und kreativen Br\u00fcckenbauer innerhalb der 2. S\u00e4ule.<\/p>\n<\/div><\/div>\n\n\n\n<div class=\"wp-block-stackable-divider stk-block-divider stk-block stk-6c69b0b\" data-block-id=\"6c69b0b\"><hr class=\"stk-block-divider__hr\"\/><\/div>\n","protected":false},"excerpt":{"rendered":"<p>Immer wieder h\u00f6re ich den Satz: \u00abDie da oben machen eh, was sie wollen!\u00bb Ganz egal, ob damit der Bundes-, der Regierungs- [&hellip;]<\/p>\n","protected":false},"author":3,"featured_media":0,"comment_status":"open","ping_status":"open","sticky":false,"template":"","format":"standard","meta":{"_acf_changed":false,"footnotes":""},"categories":[1],"tags":[],"class_list":["post-2737","post","type-post","status-publish","format-standard","hentry","category-uncategorized"],"acf":[],"featured_image_urls_v2":{"full":"","thumbnail":"","medium":"","medium_large":"","large":"","1536x1536":"","2048x2048":"","small-thumbnail":"","square-thumbnail":"","banner-image":"","mailpoet_newsletter_max":""},"post_excerpt_stackable_v2":"<p>Immer wieder h\u00f6re ich den Satz: \u00abDie da oben machen eh, was sie wollen!\u00bb Ganz egal, ob damit der Bundes-, der Regierungs- oder bei einer Pensionskasse der Stiftungsrat gemeint ist. Was mich dabei erstaunt ist, dass wir in der Schweiz als beinahe einziges Land auf der Welt, die direkte Demokratie kennen und leben. In Tat und Wahrheit kann bei uns jede und jeder \u00abeiner von da oben\u00bb sein, in dem man sich n\u00e4mlich selber zur Wahl stellt. Ganz besonders trifft dies f\u00fcr Pensionskassen zu. Vorausschauend haben die Gr\u00fcnderv\u00e4ter (leider waren es in den 70er-Jahren im letzten Jahrhundert noch kaum Gr\u00fcnderm\u00fctter)&hellip;<\/p>\n","category_list_v2":"<a href=\"https:\/\/pksw.ch\/index.php\/category\/uncategorized\/\" rel=\"category tag\">Uncategorized<\/a>","author_info_v2":{"name":"Seraina Bossi","url":"https:\/\/pksw.ch\/index.php\/author\/pksw\/"},"comments_num_v2":"0 comments","_links":{"self":[{"href":"https:\/\/pksw.ch\/index.php\/wp-json\/wp\/v2\/posts\/2737","targetHints":{"allow":["GET"]}}],"collection":[{"href":"https:\/\/pksw.ch\/index.php\/wp-json\/wp\/v2\/posts"}],"about":[{"href":"https:\/\/pksw.ch\/index.php\/wp-json\/wp\/v2\/types\/post"}],"author":[{"embeddable":true,"href":"https:\/\/pksw.ch\/index.php\/wp-json\/wp\/v2\/users\/3"}],"replies":[{"embeddable":true,"href":"https:\/\/pksw.ch\/index.php\/wp-json\/wp\/v2\/comments?post=2737"}],"version-history":[{"count":6,"href":"https:\/\/pksw.ch\/index.php\/wp-json\/wp\/v2\/posts\/2737\/revisions"}],"predecessor-version":[{"id":2979,"href":"https:\/\/pksw.ch\/index.php\/wp-json\/wp\/v2\/posts\/2737\/revisions\/2979"}],"wp:attachment":[{"href":"https:\/\/pksw.ch\/index.php\/wp-json\/wp\/v2\/media?parent=2737"}],"wp:term":[{"taxonomy":"category","embeddable":true,"href":"https:\/\/pksw.ch\/index.php\/wp-json\/wp\/v2\/categories?post=2737"},{"taxonomy":"post_tag","embeddable":true,"href":"https:\/\/pksw.ch\/index.php\/wp-json\/wp\/v2\/tags?post=2737"}],"curies":[{"name":"wp","href":"https:\/\/api.w.org\/{rel}","templated":true}]}}