{"id":2956,"date":"2023-07-18T12:04:23","date_gmt":"2023-07-18T12:04:23","guid":{"rendered":"https:\/\/pksw.ch\/?p=2956"},"modified":"2023-08-11T07:33:23","modified_gmt":"2023-08-11T07:33:23","slug":"bi-eus-wird-de-kaffi-au-tueuerer-im-fall","status":"publish","type":"post","link":"https:\/\/pksw.ch\/index.php\/2023\/07\/bi-eus-wird-de-kaffi-au-tueuerer-im-fall\/","title":{"rendered":"&#171;Bi Eus wird de Kaffi au t\u00fc\u00fcrer, im Fall!&#187;"},"content":{"rendered":"\n<p>Heute widme ich mich einem Thema, welches die letzten Jahre fast vollst\u00e4ndig von der Bildfl\u00e4che verschwunden ist: der&nbsp;Teuerung! Seit nunmehr fast 15 Jahren pendelte die j\u00e4hrliche Teuerung zwischen +1% und -1% pro Jahr. Oder anders gesagt: das Leben wurde in all den Jahren nicht oder minim teurer. Diese Zeiten scheinen seit letztem Jahr der Vergangenheit anzugeh\u00f6ren, wenngleich die Schweiz weit weniger betroffen ist, als unsere Nachbarl\u00e4nder.<\/p>\n\n\n\n<p>Doch wie ist eine Pensionskasse und letztlich Sie als Versicherte*r der PKSW von der Teuerung betroffen? Zum einen leiden Sie als aktive*r Versicherte*r, wenn die Verzinsung nicht mith\u00e4lt mit der Teuerungsrate und zum anderen sp\u00fcren Sie als Rentner*in, dass zwar \u00abde Kaffi t\u00fc\u00fcrer\u00bb wird, aber die Rente unver\u00e4ndert hoch bleibt. Da verstehe ich als Gesch\u00e4ftsleiter (und gleichzeitig ebenfalls aktiver Versicherter der PKSW) die Ver\u00e4rgerung, wenn die Verzinsung tief bleibt und die Renten nicht angehoben werden.<\/p>\n\n\n\n<p>Im Gesetz ist zwar geregelt, dass die Renten der Teuerung angepasst werden m\u00fcssen, aber eben nur dann, wenn es die finanzielle Situation einer Pensionskasse zul\u00e4sst. Dies ist leider bei der PKSW aktuell (noch) nicht der Fall. Seit der Verselbst\u00e4ndigung der PKSW im Jahr 2014 k\u00e4mpft sie damit, beim Start zu wenig Kapital mit auf den Weg bekommen zu haben. Aktuell liegt der sogenannte Deckungsgrad bei rund 95%.<\/p>\n\n\n\n<p>Dennoch werden wir alles daransetzen, dass auch die PKSW ihrem Auftrag, die Renten \u2013 vor oder nach der Pensionierung \u2013 vor der Teuerung zu sch\u00fctzen, nachkommen kann. Die politischen Anstrengungen f\u00fcr den Abschluss der Verselbst\u00e4ndigung und finanziellen Stabilisierung der PKSW sind bereits weitervorangekommen und die Hausaufgaben innerhalb der PKSW wurden gemacht, um auch in den kommenden Jahren die bestm\u00f6glichen Ertr\u00e4ge zu erzielen und so den notwendigen Teuerungsausgleich zu finanzieren.<\/p>\n\n\n\n<blockquote class=\"wp-block-stackable-blockquote stk-block-blockquote stk-block stk-fb1d4dc is-style-default\" data-v=\"2\" data-block-id=\"fb1d4dc\"><div class=\"has-text-align-left stk-block-blockquote__content stk-container stk-fb1d4dc-container stk-hover-parent\"><div class=\"stk-block-content stk-inner-blocks\">\n<div class=\"wp-block-stackable-icon stk-block-icon stk-block stk-b856e4a\" data-block-id=\"b856e4a\"><span class=\"stk--svg-wrapper\"><div class=\"stk--inner-svg\"><svg style=\"height:0;width:0\"><defs><linearGradient id=\"linear-gradient-b856e4a\" x1=\"0\" x2=\"100%\" y1=\"0\" y2=\"0\"><stop offset=\"0%\" style=\"stop-opacity:1;stop-color:var(--linear-gradient-b-856-e-4-a-color-1)\"><\/stop><stop offset=\"100%\" style=\"stop-opacity:1;stop-color:var(--linear-gradient-b-856-e-4-a-color-2)\"><\/stop><\/linearGradient><\/defs><\/svg><svg xmlns=\"http:\/\/www.w3.org\/2000\/svg\" viewBox=\"0 0 50 50\" aria-hidden=\"true\" width=\"32\" height=\"32\"><path d=\"M19.8 9.3C10.5 11.8 4.6 17 2.1 24.8c2.3-3.6 5.6-5.4 9.9-5.4 3.3 0 6 1.1 8.3 3.3 2.2 2.2 3.4 5 3.4 8.3 0 3.2-1.1 5.8-3.3 8-2.2 2.2-5.1 3.2-8.7 3.2-3.7 0-6.5-1.2-8.6-3.5C1 36.3 0 33.1 0 29 0 18.3 6.5 11.2 19.6 7.9l.2 1.4zm26.4 0C36.9 11.9 31 17 28.5 24.8c2.2-3.6 5.5-5.4 9.8-5.4 3.2 0 6 1.1 8.3 3.2 2.3 2.2 3.4 4.9 3.4 8.3 0 3.1-1.1 5.8-3.3 7.9-2.2 2.2-5.1 3.3-8.6 3.3-3.7 0-6.6-1.1-8.6-3.4-2.1-2.3-3.1-5.5-3.1-9.7 0-10.7 6.6-17.8 19.7-21.1l.1 1.4z\"><\/path><\/svg><\/div><\/span><\/div>\n\n\n\n<div class=\"wp-block-stackable-text stk-block-text stk-block stk-2557bf6\" data-block-id=\"2557bf6\"><p class=\"stk-block-text__text\"><em><strong>Teuerung wirkt sich so aus, dass der Schein tr\u00fcgt.<\/strong><\/em><em><br><\/em>Klaus Klages (1938-2022), Deutscher Philosoph und Abreisskalenderverleger<\/p><\/div>\n<\/div><\/div><\/blockquote>\n\n\n\n<p>Wenn Sie aktuell bei der Stadt Winterthur arbeiten und noch nicht im wohlverdienten Ruhestand sind, gibt es weitere M\u00f6glichkeiten, die k\u00fcnftigen Rentenzahlungen zu optimieren. Sie k\u00f6nnen sich auf der Gesch\u00e4ftsstelle der PKSW \u00fcber Ihr Einkaufsm\u00f6glichkeiten informieren lassen. Die meisten aktiven Versicherte haben noch Potential, freiwillig jedes Jahr einen Betrag in die Pensionskasse einzubezahlen. Dies lohnt sich gleich doppelt, da solche Eink\u00e4ufe vom steuerbaren Einkommen abgezogen werden k\u00f6nnen und gleichzeitig langfristig die Rente erh\u00f6hen. Zudem lege ich allen erwerbst\u00e4tigen Personen ans Herz, die Beitr\u00e4ge in die \u00abS\u00e4ule 3a\u00bb wenn immer m\u00f6glich auszusch\u00f6pfen \u2026und zwar besser schon im Alter 20 als erst im Alter 50.<\/p>\n\n\n\n<p>Zusammen schaffen wir es, dass uns weder der Schein (noch die Geldscheine\u2026) nach der Pensionierung tr\u00fcgen.<\/p>\n\n\n\n<p>Kontaktieren Sie uns unter +41 52 208 92 20 oder per Email unter <a href=\"mailto:pensionskasse@pksw.ch\">pensionskasse@pksw.ch<\/a>.<\/p>\n\n\n\n<p>Ihr Stephan Keller<\/p>\n\n\n\n<div class=\"wp-block-stackable-divider stk-block-divider stk-block stk-e6d8b40\" data-block-id=\"e6d8b40\"><hr class=\"stk-block-divider__hr\"\/><\/div>\n\n\n\n<div class=\"wp-block-media-text alignwide is-stacked-on-mobile\" style=\"grid-template-columns:34% auto\"><figure class=\"wp-block-media-text__media\"><img loading=\"lazy\" decoding=\"async\" width=\"1000\" height=\"667\" src=\"https:\/\/pksw.ch\/wp-content\/uploads\/2021\/07\/Stephan-Keller_skaliert.jpg\" alt=\"\" class=\"wp-image-1618 size-full\" srcset=\"https:\/\/pksw.ch\/wp-content\/uploads\/2021\/07\/Stephan-Keller_skaliert.jpg 1000w, https:\/\/pksw.ch\/wp-content\/uploads\/2021\/07\/Stephan-Keller_skaliert-300x200.jpg 300w, https:\/\/pksw.ch\/wp-content\/uploads\/2021\/07\/Stephan-Keller_skaliert-768x512.jpg 768w\" sizes=\"auto, (max-width: 1000px) 100vw, 1000px\" \/><\/figure><div class=\"wp-block-media-text__content\">\n<p>\u00dcber den Autor<\/p>\n\n\n\n<p>Stephan Keller leitet die Pensionskasse der Stadt Winterthur seit August 2020.<br>Der 57-j\u00e4hrige bringt \u00fcber 30 Jahre Erfahrung in der beruflichen Vorsorge mit, ist Betriebs\u00f6konom FH und hat einen Masterabschluss in Customer Relationship Management der ZHAW. Keller bezeichnet sich als kompetenten, kommunikativen und kreativen Br\u00fcckenbauer innerhalb der<br>2. S\u00e4ule.<\/p>\n<\/div><\/div>\n","protected":false},"excerpt":{"rendered":"<p>Heute widme ich mich einem Thema, welches die letzten Jahre fast vollst\u00e4ndig von der Bildfl\u00e4che verschwunden ist: der&nbsp;Teuerung! Seit nunmehr fast 15 [&hellip;]<\/p>\n","protected":false},"author":3,"featured_media":0,"comment_status":"open","ping_status":"open","sticky":false,"template":"","format":"standard","meta":{"_acf_changed":false,"footnotes":""},"categories":[1],"tags":[],"class_list":["post-2956","post","type-post","status-publish","format-standard","hentry","category-uncategorized"],"acf":[],"featured_image_urls_v2":{"full":"","thumbnail":"","medium":"","medium_large":"","large":"","1536x1536":"","2048x2048":"","small-thumbnail":"","square-thumbnail":"","banner-image":"","mailpoet_newsletter_max":""},"post_excerpt_stackable_v2":"<p>Heute widme ich mich einem Thema, welches die letzten Jahre fast vollst\u00e4ndig von der Bildfl\u00e4che verschwunden ist: der&nbsp;Teuerung! Seit nunmehr fast 15 Jahren pendelte die j\u00e4hrliche Teuerung zwischen +1% und -1% pro Jahr. Oder anders gesagt: das Leben wurde in all den Jahren nicht oder minim teurer. Diese Zeiten scheinen seit letztem Jahr der Vergangenheit anzugeh\u00f6ren, wenngleich die Schweiz weit weniger betroffen ist, als unsere Nachbarl\u00e4nder. Doch wie ist eine Pensionskasse und letztlich Sie als Versicherte*r der PKSW von der Teuerung betroffen? Zum einen leiden Sie als aktive*r Versicherte*r, wenn die Verzinsung nicht mith\u00e4lt mit der Teuerungsrate und zum anderen&hellip;<\/p>\n","category_list_v2":"<a href=\"https:\/\/pksw.ch\/index.php\/category\/uncategorized\/\" rel=\"category tag\">Uncategorized<\/a>","author_info_v2":{"name":"Seraina Bossi","url":"https:\/\/pksw.ch\/index.php\/author\/pksw\/"},"comments_num_v2":"0 comments","_links":{"self":[{"href":"https:\/\/pksw.ch\/index.php\/wp-json\/wp\/v2\/posts\/2956","targetHints":{"allow":["GET"]}}],"collection":[{"href":"https:\/\/pksw.ch\/index.php\/wp-json\/wp\/v2\/posts"}],"about":[{"href":"https:\/\/pksw.ch\/index.php\/wp-json\/wp\/v2\/types\/post"}],"author":[{"embeddable":true,"href":"https:\/\/pksw.ch\/index.php\/wp-json\/wp\/v2\/users\/3"}],"replies":[{"embeddable":true,"href":"https:\/\/pksw.ch\/index.php\/wp-json\/wp\/v2\/comments?post=2956"}],"version-history":[{"count":8,"href":"https:\/\/pksw.ch\/index.php\/wp-json\/wp\/v2\/posts\/2956\/revisions"}],"predecessor-version":[{"id":2977,"href":"https:\/\/pksw.ch\/index.php\/wp-json\/wp\/v2\/posts\/2956\/revisions\/2977"}],"wp:attachment":[{"href":"https:\/\/pksw.ch\/index.php\/wp-json\/wp\/v2\/media?parent=2956"}],"wp:term":[{"taxonomy":"category","embeddable":true,"href":"https:\/\/pksw.ch\/index.php\/wp-json\/wp\/v2\/categories?post=2956"},{"taxonomy":"post_tag","embeddable":true,"href":"https:\/\/pksw.ch\/index.php\/wp-json\/wp\/v2\/tags?post=2956"}],"curies":[{"name":"wp","href":"https:\/\/api.w.org\/{rel}","templated":true}]}}